{"id":544,"date":"2014-02-10T18:27:39","date_gmt":"2014-02-10T16:27:39","guid":{"rendered":"http:\/\/www.houseofeurope.ro\/blog\/?p=544"},"modified":"2016-09-08T11:14:50","modified_gmt":"2016-09-08T09:14:50","slug":"544","status":"publish","type":"post","link":"https:\/\/www.houseofeurope.ro\/blog\/544\/","title":{"rendered":"Sesiunea CIO-SUERD &#8211; Academia Rom\u00e2n\u0103, 7 februarie 2014"},"content":{"rendered":"<blockquote>\n<p align=\"center\"><a href=\"http:\/\/www.houseofeurope.ro\/blog\/wp-content\/uploads\/2014\/02\/Bucuresti.jpg\"><img loading=\"lazy\" decoding=\"async\" class=\"wp-image-545 aligncenter\" style=\"border: 1px solid black;\" title=\"Sesiune Experti SUERD\" src=\"http:\/\/www.houseofeurope.ro\/blog\/wp-content\/uploads\/2014\/02\/Bucuresti-300x122.jpg\" alt=\"Sesiune Experti SUERD\" width=\"300\" height=\"122\" srcset=\"https:\/\/www.houseofeurope.ro\/blog\/wp-content\/uploads\/2014\/02\/Bucuresti-300x122.jpg 300w, https:\/\/www.houseofeurope.ro\/blog\/wp-content\/uploads\/2014\/02\/Bucuresti-500x204.jpg 500w, https:\/\/www.houseofeurope.ro\/blog\/wp-content\/uploads\/2014\/02\/Bucuresti.jpg 960w\" sizes=\"(max-width: 300px) 100vw, 300px\" \/><\/a><strong>Demers decisiv pentru impunerea unei viziuni <\/strong><\/p>\n<p align=\"center\"><strong>Carpato-Danubiano-Pontice pentru<\/strong><\/p>\n<p align=\"center\"><strong> Eco-Bio-Geo Diploma\u0163ie<\/strong><\/p>\n<\/blockquote>\n<p align=\"center\"><b><i>~ Sesiunea CIO-SUERD &#8211; Academia Rom\u00e2n\u0103, 7 februarie 2014 ~<\/i><\/b><i><\/i><\/p>\n<p>Coagularea si sistematizarea expertizei interne legate de aplicarea \u00een practic\u0103 a <strong>Strategiei UE pentru Regiunea Dun\u0103rii<\/strong> (SUERD) a mai f\u0103cut un pas decisiv \u00een data de <b>7 februarie 2014<\/b>, atunci c\u00e2nd, la sediul Academiei Rom\u00e2ne, \u00een parteneriat cu <strong>Centrul de Biodiversitate<\/strong> din cadrul Institutului Na\u0163ional de Cercet\u0103ri Economice, <strong>Catedra Interna\u0163ional\u0103 Onorific\u0103 \u201eJean Bart\u201d \u00een sprijinul Strategiei UE pentru Regiunea Dun\u0103rii<\/strong> (CIO-SUERD) au pus bazele <strong>Proiectului International Carpato-Danubiano-Pontic pentru Eco-Bio-Geo Diploma\u0163ie<\/strong>. Men\u0163ion\u0103m c\u0103 meritul acestei propuneri, formulate \u00een urma recentei desf\u0103\u015fur\u0103ri a Forumului Economic Mondial de la Davos, precum \u015fi eforturile de coordonare a acestui demers \u00eei revin Directorului Centrului de Biodiversitate \u201eAcad. David Davidescu\u201d, Dl Prof. Alexandru T. BOGDAN, Membru Corespondent al Academiei Rom\u00e2ne. Obiectivul s\u0103u central vizeaz\u0103 o sporit\u0103 integrativitate a cunoa\u015fterii \u015fi armoniz\u0103rii opera\u0163iunilor \u015fi activit\u0103\u0163ilor legate de punerea \u00een valoare a capitalului teritorial respectiv, \u00een special pe cale educa\u0163ional\u0103 \u015fi a turismului ecologic \u015fi cultural.<\/p>\n<p>Momentul evocat a avut loc \u00een contextul desf\u0103\u015fur\u0103rii celei dint\u00e2i <strong>Sesiuni de Informare \u015fi Training pentru Exper\u0163i \u015fi Speciali\u015fti ai Strategiei UE pentru Regiunea Dun\u0103rii<\/strong> \u015fi a beneficiat de participarea unor marcante personalit\u0103\u0163i precum: din partea <strong>Centrului de Studii \u015fi Cercet\u0103ri de Biodiversitate Agrosilvic\u0103 \u201cAcad. David Davidescu\u201d<\/strong> al Academiei Rom\u00e2ne, Prof. Univ. Dr., Ing., Ec. Dr.H.C., Prof.H.C. Alexandru T. BOGDAN &#8211; Membru Corespondent al Academiei Rom\u00e2ne; din partea <strong>Grupului de Ini\u0163iativ\u0103 Ecologic\u0103<\/strong> (GIEDD), Conf. Univ. Dr. Ing. Cristiana S\u00ceRBU; din partea <strong>Institutului de Economie Mondial\u0103<\/strong> al Academiei Rom\u00e2ne, Prof. Petre PRISECARU; din partea <strong>Ministerului Agriculturii \u015fi Dezvolt\u0103rii Rurale<\/strong>, Dr. Viorica BOBOC; din partea <strong>Detente Consultants<\/strong>, Dl Sabin DRAGOMAN; din partea <strong>Academiei Oamenilor de \u015etiin\u0163\u0103<\/strong>, Conf. Univ. Dr. Arh. Gheorghe IONA\u015eCU; din partea <strong>Knowledge Management Institute Romania\/Knomacons<\/strong>, KMC Octavian \u015eERBAN, MBA; din partea <strong>CIO-SUERD<\/strong>, Dl Sever AVRAM, Pre\u015fedinte Executiv EUROLINK-Casa Europei.<\/p>\n<p>Prin dezbaterile \u015fi jocurile de simulare ce au avut loc, accentul a c\u0103zut \u00een special pe importan\u0163a at\u00e2t a fructific\u0103rii expertizei rom\u00e2ne\u015fti \u00een domeniu, c\u00e2t \u015fi pe semnifica\u0163ia pe care o poate avea o mult mai bun\u0103 interconectare \u00eentre factorii deciden\u0163i \u015fi speciali\u015ftii \u00een scrierea \u015fi implementarea proiectelor dun\u0103rene. O serie \u00eentreag\u0103 de nout\u0103\u0163i palpabile, \u00een special prin conturarea noii axe \u201eDun\u0103rea\u201d \u00een cadrul programului South-Eastern Europe, au fost supuse spre discu\u0163ie \u015fi prezentate \u00een cadrul reuniunii. De asemenea, organizatorii s-au concentrat pe formularea a cel pu\u0163in 1-2 propuneri de proiecte majore care s\u0103 fie sus\u0163inute prin <strong>Grupul de Ac\u0163iune \u201eDun\u0103re-Marea Neagr\u0103\u201d <\/strong>\u015fi cu sprijinul <strong>Platformei Urbane a Regiunii Dun\u0103rii<\/strong> de la Viena, cu prilejul viitorului apel pentru proiecte preg\u0103titoare al Coordonatorului pentru Consolidare Institu\u0163ional\u0103 \u015fi Cooperare SUERD.<\/p>\n<p>Nu \u00een ultimul r\u00e2nd, \u00een baza al\u0103tur\u0103rii deja a peste 100 de membri \u00een cadrul <strong>Registrului Na\u0163ional al Exper\u0163ilor Dun\u0103reni<\/strong>, participan\u0163ii au sus\u0163inut importan\u0163a convoc\u0103rii c\u00e2t mai urgente a unei noi reuniuni a Consiliului Consultativ SUERD de pe l\u00e2ng\u0103 Ministerul Afacerilor Externe, precum \u015fi a unei preg\u0103tiri c\u00e2t mai temeinice a viitoarelor forumuri racordate la procesul de transpunere SUERD ce sunt programate s\u0103 aib\u0103 loc \u00een cursul lunii mai a acestui an.<\/p>\n<p><strong>Partener Media Asociat<\/strong><b>: <\/b>Agerpres. <strong>Parteneri Media Permanen\u0163i:<\/strong> Finantare.ro, CalendarEvenimente.ro, CaleaEuropeana.ro, Comunicatii Mobile, ZiarulAlb.ro, SmartFinancial.ro, NewsChannel.ro, Tribuna Economica, Economie si Administratie Locala, Euroconsultanta-Ghidul Firmei, ClubAfaceri.ro, BrandInfo.ro, GhiseulBancar.ro, PRwave.ro,\u00a0 ComunicateMedia.ro, Early Warning Support &#8211; &#8220;EU-RO Clearing Funds&#8221;.<\/p>\n<p><!-- [if gte mso 9]><xml>\n<w:WordDocument>\n<w:View>Normal<\/w:View>\n<w:Zoom>0<\/w:Zoom>\n<w:Compatibility>\n<w:BreakWrappedTables\/>\n<w:SnapToGridInCell\/>\n<w:WrapTextWithPunct\/>\n<w:UseAsianBreakRules\/>\n<\/w:Compatibility>\n<w:BrowserLevel>MicrosoftInternetExplorer4<\/w:BrowserLevel>\n<\/w:WordDocument>\n<\/xml><![endif]--><span lang=\"FR\" style=\"font-size: 11.0pt; font-family: Calibri; mso-fareast-font-family: 'Andale Sans UI'; mso-bidi-font-family: 'Times New Roman'; mso-font-kerning: .5pt; mso-ansi-language: FR; mso-bidi-language: AR-SA;\"><a href=\"mailto:remusmircea@yahoo.com\">remusmircea@yahoo.com<\/a>, <\/span><\/p>\n<p><!-- [if gte mso 10]>\n\n\n\n<style>\n \/* Style Definitions *\/<br \/>\n table.MsoNormalTable<br \/>\n\t{mso-style-name:\"Table Normal\";<br \/>\n\tmso-tstyle-rowband-size:0;<br \/>\n\tmso-tstyle-colband-size:0;<br \/>\n\tmso-style-noshow:yes;<br \/>\n\tmso-style-parent:\"\";<br \/>\n\tmso-padding-alt:0cm 5.4pt 0cm 5.4pt;<br \/>\n\tmso-para-margin:0cm;<br \/>\n\tmso-para-margin-bottom:.0001pt;<br \/>\n\tmso-pagination:widow-orphan;<br \/>\n\tfont-size:10.0pt;<br \/>\n\tfont-family:\"Times New Roman\";}<br \/>\n<\/style>\n\n<![endif]--><\/p>\n","protected":false},"excerpt":{"rendered":"<p>Demers decisiv pentru impunerea unei viziuni Carpato-Danubiano-Pontice pentru Eco-Bio-Geo Diploma\u0163ie ~ Sesiunea CIO-SUERD &#8211; Academia Rom\u00e2n\u0103, 7 februarie 2014 ~ Coagularea si sistematizarea expertizei interne legate de aplicarea \u00een practic\u0103 a Strategiei UE pentru Regiunea Dun\u0103rii (SUERD) a mai f\u0103cut un pas decisiv \u00een data de 7 februarie 2014, atunci c\u00e2nd, la sediul Academiei Rom\u00e2ne,<a class=\"sup-readmore\" href=\"https:\/\/www.houseofeurope.ro\/blog\/544\/\">Read More<\/a><\/p>\n","protected":false},"author":1,"featured_media":0,"comment_status":"open","ping_status":"open","sticky":false,"template":"","format":"standard","meta":{"footnotes":""},"categories":[6,55,1,54,56,24],"tags":[119,164,106,95],"_links":{"self":[{"href":"https:\/\/www.houseofeurope.ro\/blog\/wp-json\/wp\/v2\/posts\/544"}],"collection":[{"href":"https:\/\/www.houseofeurope.ro\/blog\/wp-json\/wp\/v2\/posts"}],"about":[{"href":"https:\/\/www.houseofeurope.ro\/blog\/wp-json\/wp\/v2\/types\/post"}],"author":[{"embeddable":true,"href":"https:\/\/www.houseofeurope.ro\/blog\/wp-json\/wp\/v2\/users\/1"}],"replies":[{"embeddable":true,"href":"https:\/\/www.houseofeurope.ro\/blog\/wp-json\/wp\/v2\/comments?post=544"}],"version-history":[{"count":7,"href":"https:\/\/www.houseofeurope.ro\/blog\/wp-json\/wp\/v2\/posts\/544\/revisions"}],"predecessor-version":[{"id":773,"href":"https:\/\/www.houseofeurope.ro\/blog\/wp-json\/wp\/v2\/posts\/544\/revisions\/773"}],"wp:attachment":[{"href":"https:\/\/www.houseofeurope.ro\/blog\/wp-json\/wp\/v2\/media?parent=544"}],"wp:term":[{"taxonomy":"category","embeddable":true,"href":"https:\/\/www.houseofeurope.ro\/blog\/wp-json\/wp\/v2\/categories?post=544"},{"taxonomy":"post_tag","embeddable":true,"href":"https:\/\/www.houseofeurope.ro\/blog\/wp-json\/wp\/v2\/tags?post=544"}],"curies":[{"name":"wp","href":"https:\/\/api.w.org\/{rel}","templated":true}]}}