{"id":552,"date":"2014-02-11T14:20:33","date_gmt":"2014-02-11T12:20:33","guid":{"rendered":"http:\/\/www.houseofeurope.ro\/blog\/?p=552"},"modified":"2014-02-11T14:20:33","modified_gmt":"2014-02-11T12:20:33","slug":"revitalizarea-cetatilor-port-din-mehedinti-prin-proiecte-internationale-cu-impact-dunarean","status":"publish","type":"post","link":"https:\/\/www.houseofeurope.ro\/blog\/revitalizarea-cetatilor-port-din-mehedinti-prin-proiecte-internationale-cu-impact-dunarean\/","title":{"rendered":"Revitalizarea cetatilor-port din Mehedinti  prin proiecte internationale cu impact dunarean"},"content":{"rendered":"<p><a href=\"http:\/\/www.houseofeurope.ro\/blog\/wp-content\/uploads\/2014\/02\/Afis_web.jpg\"><img loading=\"lazy\" decoding=\"async\" class=\" wp-image-553 aligncenter\" style=\"border: 1px solid black;\" alt=\"Afis_web\" src=\"http:\/\/www.houseofeurope.ro\/blog\/wp-content\/uploads\/2014\/02\/Afis_web-221x300.jpg\" width=\"155\" height=\"210\" srcset=\"https:\/\/www.houseofeurope.ro\/blog\/wp-content\/uploads\/2014\/02\/Afis_web-221x300.jpg 221w, https:\/\/www.houseofeurope.ro\/blog\/wp-content\/uploads\/2014\/02\/Afis_web.jpg 600w\" sizes=\"(max-width: 155px) 100vw, 155px\" \/><\/a>In prezenta reprezentantilor oficiali ai Judetului Mehedinti si ai Municipiului Drobeta Turnu Severin, in data de 14 februarie 2014, va avea loc reuniunea de infiintare a <strong>Centrului Zonal de Competitivitate si Training SUERD<\/strong>, modalitate de racordare concreta a acestei zone la proiectele si actiunile majore pe care le promoveaza CLDR Romania &#8211; <strong>Platforma Comunitatilor Locale Riverane Dunarii<\/strong>, structura afiliata la constructia mai ampla &#8211; <strong>Platforma Urbana a Regiunii Dunarii<\/strong> de la Viena, ale carei baze au fost puse recent, cu sprijinul Coordonatorului pentru Cooperare SUERD si al Consiliului Oraselor si Regiunilor Dunarene.<\/p>\n<p><strong>Centrele Zonale de Competitivitate si Training SUERD<\/strong> sunt structuri autonome in cadrul Platformei CLDR si reprezinta \u201cagentii de leadership intelectual\u201d care formeaza o retea la nivel national. Aceste centre urmeaza sa fie de acum inainte <strong>recipientii fondurilor pentru implementarea SUERD<\/strong> in Romania si vor constitui in acelasi timp <strong>interfata operationala<\/strong> in raport cu organismele de gestiune de la Viena, Stuttgart si Bruxelles, mai ales, dar si cu coordonatorii celorlalte axe prioritare de interventie SUERD. Initiativa este rodul colaborarii dintre <strong>Catedra Internationala Onorifica \u201cJean Bart\u201d in sprijinul Strategiei UE pentru Regiunea Dunarii<\/strong> si <b>Academia Romana<\/b>, prin <strong>Centrul de Biodiversitate<\/strong>, condus de Dl Academician Alexandru T. BOGDAN.<\/p>\n<p>Printre invitatii si speakeri prezenti mentionam: <strong>Prof. Univ. Dr. Mirela MAZILU<\/strong> &#8211; Universitatea din Craiova, Centrul de Cercetare \u00een Turism Inovativ &#8211; Drobeta Turnu Severin; Conf. Univ. Dr. Ing. Cristiana S\u00ceRBU &#8211; Pre\u015fedinte Executiv, Funda\u0163ia Grupul de Ini\u0163iativ\u0103 Ecologic\u0103 \u015fi Dezvoltare Durabil\u0103 (GIEDD); <strong>Arh. Cornel TALO\u015e<\/strong> &#8211; Uniunea Arhitec\u0163ilor din Rom\u00e2nia; <strong>Conf. Univ. Dr. Arh. Gheorghe IONA\u015eCU<\/strong> &#8211; Academia Oamenilor de \u015etiin\u0163\u0103 \/ Universitatea Spiru Haret; <strong>Dl. Jamil BENABDALLAH<\/strong> &#8211; Detente Consultants; <strong>Dr. Ing. Marcel A. BURDUCEA<\/strong> &#8211; Compania Na\u0163ional\u0103 Administra\u0163ia Porturilor Dun\u0103rii Fluviale; <strong>Prof. Teclu CODRE\u015eI<\/strong> &#8211; Pre\u015fedinte, Funda\u0163ia Ac\u0163iunea Ecologic\u0103 Rom\u00e2n\u0103; <strong>Prof. Sever AVRAM<\/strong> &#8211; Coordonator General Catedra Interna\u0163ional\u0103 Onorific\u0103 SUERD \/ Director Executiv al Platformei Comunit\u0103\u0163ilor Locale Riverane Dun\u0103rii (CLDR); <strong>Sandu ZAMFIRESCU<\/strong> &#8211; Secretar General, EUROLINK-Casa Europei.<\/p>\n<p><strong>Parteneri Media Asociati:<\/strong> Agentia Nationala de Presa AGERPRES, TVH, ZiarulAlb.ro. <strong>Parteneri Media: <\/strong>Finantare.ro, CalendarEvenimente.ro, CaleaEuropeana.ro, Comunicatii Mobile, Opinia Nationala, SmartFinancial.ro, NewsChannel.ro, Tribuna Economica, ComunicateMedia.ro, Economie si Administratie Locala, Euroconsultanta-Ghidul Firmei, ClubAfaceri.ro, BrandInfo.ro, GhiseulBancar.ro, PRwave.ro, &#8220;EU-RO Clearing Funds&#8221;.<\/p>\n<p>Informatii suplimentare privind activitatile Platformei CLDR pot fi consultate pe site- ul: <a href=\"http:\/\/www.houseofeurope.ro\/CLDR\">www.houseofeurope.ro\/CLDR<\/a> sau contactand Secretariatul la: <a href=\"mailto:info@houseofeurope.ro\">info@houseofeurope.ro<\/a> sau tel.\/fax: 021.2304997.<\/p>\n","protected":false},"excerpt":{"rendered":"<p>In prezenta reprezentantilor oficiali ai Judetului Mehedinti si ai Municipiului Drobeta Turnu Severin, in data de 14 februarie 2014, va avea loc reuniunea de infiintare a Centrului Zonal de Competitivitate si Training SUERD, modalitate de racordare concreta a acestei zone la proiectele si actiunile majore pe care le promoveaza CLDR Romania &#8211; Platforma Comunitatilor Locale<a class=\"sup-readmore\" href=\"https:\/\/www.houseofeurope.ro\/blog\/revitalizarea-cetatilor-port-din-mehedinti-prin-proiecte-internationale-cu-impact-dunarean\/\">Read More<\/a><\/p>\n","protected":false},"author":1,"featured_media":0,"comment_status":"open","ping_status":"open","sticky":false,"template":"","format":"standard","meta":{"footnotes":""},"categories":[6,1,8,54,24],"tags":[165,119,106,95],"_links":{"self":[{"href":"https:\/\/www.houseofeurope.ro\/blog\/wp-json\/wp\/v2\/posts\/552"}],"collection":[{"href":"https:\/\/www.houseofeurope.ro\/blog\/wp-json\/wp\/v2\/posts"}],"about":[{"href":"https:\/\/www.houseofeurope.ro\/blog\/wp-json\/wp\/v2\/types\/post"}],"author":[{"embeddable":true,"href":"https:\/\/www.houseofeurope.ro\/blog\/wp-json\/wp\/v2\/users\/1"}],"replies":[{"embeddable":true,"href":"https:\/\/www.houseofeurope.ro\/blog\/wp-json\/wp\/v2\/comments?post=552"}],"version-history":[{"count":1,"href":"https:\/\/www.houseofeurope.ro\/blog\/wp-json\/wp\/v2\/posts\/552\/revisions"}],"predecessor-version":[{"id":554,"href":"https:\/\/www.houseofeurope.ro\/blog\/wp-json\/wp\/v2\/posts\/552\/revisions\/554"}],"wp:attachment":[{"href":"https:\/\/www.houseofeurope.ro\/blog\/wp-json\/wp\/v2\/media?parent=552"}],"wp:term":[{"taxonomy":"category","embeddable":true,"href":"https:\/\/www.houseofeurope.ro\/blog\/wp-json\/wp\/v2\/categories?post=552"},{"taxonomy":"post_tag","embeddable":true,"href":"https:\/\/www.houseofeurope.ro\/blog\/wp-json\/wp\/v2\/tags?post=552"}],"curies":[{"name":"wp","href":"https:\/\/api.w.org\/{rel}","templated":true}]}}