{"id":960,"date":"2017-09-25T10:05:54","date_gmt":"2017-09-25T08:05:54","guid":{"rendered":"http:\/\/www.houseofeurope.ro\/blog\/?p=960"},"modified":"2017-10-06T12:20:35","modified_gmt":"2017-10-06T10:20:35","slug":"finantarea-de-actiuni-comune-privind-interregsuerd","status":"publish","type":"post","link":"https:\/\/www.houseofeurope.ro\/blog\/finantarea-de-actiuni-comune-privind-interregsuerd\/","title":{"rendered":"Finantarea de actiuni comune privind INTERREG\/SUERD"},"content":{"rendered":"<p>Scopul lans\u0103rii prezentei finan\u021b\u0103ri de proiecte este de a dezvolta un model integrat de ac\u021biuni comune privitoare la problematicile<strong> INTERREG\/SUERD<\/strong>. Ac\u021biunile proiectelor depuse vor face referire la <strong>Programul Na\u021bional Comun de Formare SUERD<\/strong>, program ini\u021biat de <strong>Catedra Interna\u021bional\u0103 Onorific\u0103 \u201eJean Bart\u201d \u00een sprijinul Strategiei UE pentru Regiunea Dun\u0103rii <\/strong>(CIO-SUERD), \u0219i desf\u0103\u0219urat \u00een colaborare cu <strong>Asocia\u021bia \u201eComunit\u0103\u021bile Locale Riverane Dun\u0103rii\u201d<\/strong> (CLDR), membr\u0103 a Consiliului Ora\u0219elor \u0219i Regiunilor Dun\u0103rii (CoDCR).<\/p>\n<p>C\u00e2\u0219tig\u0103torul finan\u021b\u0103rii va trebui s\u0103 ofere solu\u021bii optime de dezvoltare a ac\u021biunilor INTERREG\/SUERD \u00een Rom\u00e2nia, \u00een special pentru zona montan\u0103. <strong>Funda\u021bia EUROLINK \u2013 Casa Europei<\/strong> ofer\u0103 c\u00e2\u0219tig\u0103torului cererii de propuneri de proiecte un cuantum de 30% din valoarea total\u0103 a ac\u021biunilor (cursurilor) derulate \u00een comun cu entitatea care a c\u00e2\u0219tigat dreptul la finan\u021bare. Propunerile de cerere de finan\u021bare vor face referire la promovarea dezvolt\u0103rii unui set de cursuri comune acreditate axate pe Dezvoltarea Regiunii Dun\u0103rii, adresat \u00een special studen\u021bilor, masteranzilor, doctoranzilor \u0219i profesorilor din ciclul preuniversitar, ca \u0219i cadrelor universitare din regiunile statelor membre SUERD.<\/p>\n<p>Prin activit\u0103\u021bile comune cererile de propuneri de finan\u021bare din prezenta lansare de proiecte \u00ee\u0219i vor asuma realizarea \u00eemp\u0103rt\u0103\u0219irii cunoa\u0219terii \u0219i schimbului de informa\u021bii prin intermediul platformelor online \u0219i canalelor social media, prin preg\u0103tirea tematicii unor teze de masterat \u0219i\/sau de dizerta\u021bie \u0219i compararea rezultatelor acestor, precum \u0219i prin vizite de studiu \u00een cadrul schemelor de mobilitate academic\u0103 existente sau a unor noi care urmeaz\u0103 a fi create.<\/p>\n<p>\u00cen alc\u0103tuirea bugetului, pentru aceast\u0103 propunere de proiecte, se vor considera eligibile urm\u0103toarele tipuri de cheltuieli:<\/p>\n<ol>\n<li>Cursuri \u0219i promovarea ac\u021biunilor comune;<\/li>\n<li>Costurile deplas\u0103rilor interna\u021bionale (tur-retur), clasa economic;<\/li>\n<li>Cheltuielile de \u0219edere: cazare, asigurare medical\u0103 \u0219i diurn\u0103 (\u00een limita maxim\u0103 prev\u0103zut\u0103 prin legisla\u021bia aplicabil\u0103 fiec\u0103rei entit\u0103\u021bi);<\/li>\n<li>Transportul local \u00een Rom\u00e2nia sau \u00een str\u0103in\u0103tate;<\/li>\n<li>TVA, cu condi\u021bia s\u0103 nu poat\u0103 fi recuperat\u0103 de c\u0103tre beneficiar \u0219i\/sau partener;<\/li>\n<li>Cheltuieli de deplasare \u0219i salarii pentru vizitele exper\u021bilor\/lectorilor (nu pentru personalul implicat \u00een implementarea ini\u021biativei);<\/li>\n<li>Onorarii \u0219i cheltuieli de deplasare pentru participarea la conferin\u021be, seminarii, cursuri, \u00eent\u00e2lniri \u0219i ateliere de lucru;<\/li>\n<li>Costuri aferente studiilor de fezabilitate \u0219i pentru preg\u0103tirea de analize financiare \u0219i economice;<\/li>\n<li>Costurile ocazionate de conferin\u021be, seminarii, cursuri, \u00eent\u00e2lniri \u0219i ateliere de lucru;<\/li>\n<li>Cheltuielile aferente activit\u0103\u021bilor de promovare \u0219i informare;<\/li>\n<li>Onorariile aferente consultan\u021bei externe;<\/li>\n<li>Costul raportului de audit (dac\u0103 este cazul).<\/li>\n<\/ol>\n<p>Costurile de deplasare se vor finan\u021ba astfel:<br \/>\na) Sumele forfetare stabilite pentru finan\u021barea cheltuielilor de deplasare extern\u0103 finan\u021bate de Funda\u021bia EUROLINK &#8211; Casa Europei la nivel na\u021bional \u0219i de program, indiferent de \u021bara de origine a beneficiarului, sunt urm\u0103toarele:<br \/>\n\u2013 pentru o deplasare de 3 \u2013 4 zile (2 \u2013 3 nop\u021bi de cazare): 1600 de Euro\/persoan\u0103;<br \/>\n\u2013 pentru o deplasare de 5 \u2013 6 zile (4 \u2013 5 nop\u021bi de cazare): 2000 de Euro\/persoan\u0103 (cu o justificare pentru durata prelungit\u0103 a deplas\u0103rii).<br \/>\nb) Pentru deplas\u0103ri al c\u0103ror obiectiv necesit\u0103 o durat\u0103 de timp diferit\u0103 fa\u021b\u0103 de cele prezentate anterior, se aplic\u0103 metoda costurilor reale, pe baz\u0103 de documente justificative \u0219i \u00een limitele prev\u0103zute de HG 518\/1995 cu complet\u0103rile \u0219i modific\u0103rile ulterioare. Metoda costurilor reale se aplic\u0103 \u0219i \u00een cazul \u00een care cheltuielile de cazare \u0219i\/sau transport sunt suportate din alte surse (de exemplu, de c\u0103tre organizatori).<br \/>\nPerioada de eligibilitate a cheltuielilor: de la data contract\u0103rii p\u00e2n\u0103 la 30 decembrie 2020.<\/p>\n<p>Pentru a fi considerate eligibile, cheltuielile eligibile trebuie s\u0103 fie suportate efectiv de c\u0103tre beneficiar sau partener \u0219i, trebuie s\u0103 \u00eendeplineasc\u0103 urm\u0103toarele condi\u021bii:<br \/>\n(a) s\u0103 fie efectuate \u00eentre prima \u0219i ultima zi a perioadei de eligibilitate; se consider\u0103 eligibile cheltuielile aferente pl\u0103\u021bii facturilor emise \u00een ultima lun\u0103 de eligibilitate \u0219i efectuate \u00een termen de maxim 30 de zile de la data finaliz\u0103rii eligibilit\u0103\u021bii cheltuielilor;<br \/>\n(b) s\u0103 fie legate de activit\u0103\u021bi \u0219i incluse \u00een bugetul total estimat al contractului de finan\u021bare;<br \/>\n(c) s\u0103 fie propor\u021bionale \u0219i necesare;<br \/>\n(d) s\u0103 fie folosite numai \u00een scopul de a atinge obiectivul\/ele ini\u021biativei \u0219i a rezultatelor sale preconizate, \u00eentr-un mod compatibil cu principiile bunei gestiuni financiare, eficien\u021bei \u0219i eficacit\u0103\u021bii.<\/p>\n<p>Depunerea aplica\u0163iilor se va face \u00een condi\u021biile unui apel deschis: aplica\u0163iile vor fi primite \u00een orice moment din intervalul stabilit pentru apel \u0219i vor fi procesate continuu conform regulii<em> \u201eprimul venit, primul servit\u201d<\/em>.<br \/>\nAplican\u0163ii selecta\u021bi pentru primirea grantului vor fi contacta\u021bi \u0219i vor semna un contract de finan\u021bare (modelul va fi furnizat separat de acest Ghid) cu Funda\u021bia EUROLINK Casa Europei. Contractul de finan\u021bare va stabili termenii \u0219i condi\u021biile finan\u0163\u0103rii, precum \u0219i drepturile \u0219i obliga\u0163iile p\u0103r\u021bilor. Acesta va cuprinde, printre altele, prevederi privind pl\u0103\u021bile \u0219i raportarea care va fi realizat\u0103 prin utilizarea de modele specifice.<\/p>\n<p>Calendarul lans\u0103rii:<br \/>\n25.09.2017 \u2013 lansare apel<br \/>\n06.10.2017 \u2013 termenul limita pentru depunerea propunerilor de proiecte<br \/>\n09.10.2017 \u2013 anun\u021barea c\u00e2\u0219tig\u0103torului\/c\u00e2\u0219tig\u0103torilor \u0219i depunerea contesta\u021biilor<br \/>\n10.10.2017 \u2013 contractare<\/p>\n<p>Pentru detalii suplimentare, v\u0103 rug\u0103m s\u0103 v\u0103 adresa\u021bi la:<br \/>\nFunda\u021bia EUROLINK &#8211; Casa Europei<br \/>\nSediul Social: Bdul Kiseleff nr 47 sector 1<br \/>\nAdresa po\u0219tal\u0103: Str. Cap. Gheorghe Bulugea nr. 9, ap. 5, sector 2<br \/>\nBucure\u0219ti &#8211; ROMANIA<br \/>\nTel.\/fax: (4021) 230.49.97<br \/>\nE-mail:\u00a0info@houseofeurope.ro<br \/>\nInternet:\u00a0www.HouseofEurope.ro<\/p>\n<p style=\"text-align: right;\"><em>(25.09.2017)<\/em><\/p>\n","protected":false},"excerpt":{"rendered":"<p>Scopul lans\u0103rii prezentei finan\u021b\u0103ri de proiecte este de a dezvolta un model integrat de ac\u021biuni comune privitoare la problematicile INTERREG\/SUERD. Ac\u021biunile proiectelor depuse vor face referire la Programul Na\u021bional Comun de Formare SUERD, program ini\u021biat de Catedra Interna\u021bional\u0103 Onorific\u0103 \u201eJean Bart\u201d \u00een sprijinul Strategiei UE pentru Regiunea Dun\u0103rii (CIO-SUERD), \u0219i desf\u0103\u0219urat \u00een colaborare cu Asocia\u021bia<a class=\"sup-readmore\" href=\"https:\/\/www.houseofeurope.ro\/blog\/finantarea-de-actiuni-comune-privind-interregsuerd\/\">Read More<\/a><\/p>\n","protected":false},"author":1,"featured_media":0,"comment_status":"open","ping_status":"open","sticky":false,"template":"","format":"standard","meta":{"footnotes":""},"categories":[1],"tags":[],"_links":{"self":[{"href":"https:\/\/www.houseofeurope.ro\/blog\/wp-json\/wp\/v2\/posts\/960"}],"collection":[{"href":"https:\/\/www.houseofeurope.ro\/blog\/wp-json\/wp\/v2\/posts"}],"about":[{"href":"https:\/\/www.houseofeurope.ro\/blog\/wp-json\/wp\/v2\/types\/post"}],"author":[{"embeddable":true,"href":"https:\/\/www.houseofeurope.ro\/blog\/wp-json\/wp\/v2\/users\/1"}],"replies":[{"embeddable":true,"href":"https:\/\/www.houseofeurope.ro\/blog\/wp-json\/wp\/v2\/comments?post=960"}],"version-history":[{"count":2,"href":"https:\/\/www.houseofeurope.ro\/blog\/wp-json\/wp\/v2\/posts\/960\/revisions"}],"predecessor-version":[{"id":962,"href":"https:\/\/www.houseofeurope.ro\/blog\/wp-json\/wp\/v2\/posts\/960\/revisions\/962"}],"wp:attachment":[{"href":"https:\/\/www.houseofeurope.ro\/blog\/wp-json\/wp\/v2\/media?parent=960"}],"wp:term":[{"taxonomy":"category","embeddable":true,"href":"https:\/\/www.houseofeurope.ro\/blog\/wp-json\/wp\/v2\/categories?post=960"},{"taxonomy":"post_tag","embeddable":true,"href":"https:\/\/www.houseofeurope.ro\/blog\/wp-json\/wp\/v2\/tags?post=960"}],"curies":[{"name":"wp","href":"https:\/\/api.w.org\/{rel}","templated":true}]}}